{"id":1,"date":"2023-09-06T15:22:23","date_gmt":"2023-09-06T15:22:23","guid":{"rendered":"https:\/\/danielcaixeta.pro.br\/site\/?p=1"},"modified":"2023-10-17T17:16:13","modified_gmt":"2023-10-17T17:16:13","slug":"acessibilidade-no-moodle-deficiencia-visual-auditiva","status":"publish","type":"post","link":"https:\/\/danielcaixeta.pro.br\/site\/acessibilidade-no-moodle-deficiencia-visual-auditiva\/","title":{"rendered":"Acessibilidade no Moodle: Defici\u00eancia Visual e Auditiva"},"content":{"rendered":"\n<p>Prezados(as),<\/p>\n\n\n\n<p>Uma das \u00e1reas que atuo \u00e9 a Forma\u00e7\u00e3o de Professores no uso de Tecnologias Educacionais e para atender uma demanda para atendimento de alunos com defici\u00eancia visual em cursos EaD, montei um treinamento para realizar esta forma\u00e7\u00e3o na institui\u00e7\u00e3o que trabalho.<\/p>\n\n\n\n<p>Segue abaixo a apresenta\u00e7\u00e3o montada para o treinamento:<\/p>\n\n\n\n<div class=\"_df_book df-lite\" id=\"df_1280\"  data-title=\"treinamento-acessibilidade-no-moodle\" _slug=\"treinamento-acessibilidade-no-moodle\" wpoptions=\"true\" thumbtype=\"bg\" ><p class=\"df-raw-loading\">Please wait while flipbook is loading. For more related info, FAQs and issues please refer to <a href=\"https:\/\/wordpress.org\/plugins\/3d-flipbook-dflip-lite\/#installation\">DearFlip WordPress Flipbook Plugin Help<\/a> documentation.<\/p><\/div><script class=\"df-shortcode-script\" type=\"application\/javascript\">window.option_df_1280 = {\"outline\":[],\"forceFit\":\"true\",\"autoEnableOutline\":\"false\",\"autoEnableThumbnail\":\"false\",\"overwritePDFOutline\":\"false\",\"direction\":\"1\",\"pageSize\":\"0\",\"source\":\"https:\\\/\\\/danielcaixeta.pro.br\\\/site\\\/wp-content\\\/uploads\\\/2023\\\/09\\\/Treinamento-Acessibilidade-no-Moodle.pdf\",\"wpOptions\":\"true\"}; if(window.DFLIP && window.DFLIP.parseBooks){window.DFLIP.parseBooks();}<\/script>\n","protected":false},"excerpt":{"rendered":"<p>Prezados(as), Uma das \u00e1reas que atuo \u00e9 a Forma\u00e7\u00e3o de Professores no uso de Tecnologias Educacionais e para atender uma demanda para atendimento de alunos com defici\u00eancia visual em cursos EaD, montei um treinamento para realizar esta forma\u00e7\u00e3o na institui\u00e7\u00e3o que trabalho. Segue abaixo a apresenta\u00e7\u00e3o montada para o treinamento:<\/p>\n","protected":false},"author":1,"featured_media":1582,"comment_status":"open","ping_status":"open","sticky":false,"template":"","format":"standard","meta":{"footnotes":""},"categories":[1],"tags":[],"class_list":["post-1","post","type-post","status-publish","format-standard","has-post-thumbnail","hentry","category-uncategorized"],"_links":{"self":[{"href":"https:\/\/danielcaixeta.pro.br\/site\/wp-json\/wp\/v2\/posts\/1","targetHints":{"allow":["GET"]}}],"collection":[{"href":"https:\/\/danielcaixeta.pro.br\/site\/wp-json\/wp\/v2\/posts"}],"about":[{"href":"https:\/\/danielcaixeta.pro.br\/site\/wp-json\/wp\/v2\/types\/post"}],"author":[{"embeddable":true,"href":"https:\/\/danielcaixeta.pro.br\/site\/wp-json\/wp\/v2\/users\/1"}],"replies":[{"embeddable":true,"href":"https:\/\/danielcaixeta.pro.br\/site\/wp-json\/wp\/v2\/comments?post=1"}],"version-history":[{"count":2,"href":"https:\/\/danielcaixeta.pro.br\/site\/wp-json\/wp\/v2\/posts\/1\/revisions"}],"predecessor-version":[{"id":1283,"href":"https:\/\/danielcaixeta.pro.br\/site\/wp-json\/wp\/v2\/posts\/1\/revisions\/1283"}],"wp:featuredmedia":[{"embeddable":true,"href":"https:\/\/danielcaixeta.pro.br\/site\/wp-json\/wp\/v2\/media\/1582"}],"wp:attachment":[{"href":"https:\/\/danielcaixeta.pro.br\/site\/wp-json\/wp\/v2\/media?parent=1"}],"wp:term":[{"taxonomy":"category","embeddable":true,"href":"https:\/\/danielcaixeta.pro.br\/site\/wp-json\/wp\/v2\/categories?post=1"},{"taxonomy":"post_tag","embeddable":true,"href":"https:\/\/danielcaixeta.pro.br\/site\/wp-json\/wp\/v2\/tags?post=1"}],"curies":[{"name":"wp","href":"https:\/\/api.w.org\/{rel}","templated":true}]}}